{"id":1839,"date":"2023-06-07T08:34:04","date_gmt":"2023-06-07T08:34:04","guid":{"rendered":"https:\/\/ontinardesalz.com\/?p=1839"},"modified":"2023-07-03T08:43:39","modified_gmt":"2023-07-03T08:43:39","slug":"apertura-andador-calle-huesca","status":"publish","type":"post","link":"https:\/\/ontinardesalz.com\/index.php\/2023\/06\/07\/apertura-andador-calle-huesca\/","title":{"rendered":"Apertura andador Calle Huesca"},"content":{"rendered":"\t\t<div data-elementor-type=\"wp-post\" data-elementor-id=\"1839\" class=\"elementor elementor-1839\">\n\t\t\t\t\t\t\t\t\t<section class=\"elementor-section elementor-top-section elementor-element elementor-element-bdd73d0 elementor-section-boxed elementor-section-height-default elementor-section-height-default\" data-id=\"bdd73d0\" data-element_type=\"section\" data-settings=\"{&quot;jet_parallax_layout_list&quot;:[]}\">\n\t\t\t\t\t\t<div class=\"elementor-container elementor-column-gap-default\">\n\t\t\t\t\t<div class=\"elementor-column elementor-col-100 elementor-top-column elementor-element elementor-element-b74fec2\" data-id=\"b74fec2\" data-element_type=\"column\">\n\t\t\t<div class=\"elementor-widget-wrap elementor-element-populated\">\n\t\t\t\t\t\t\t\t<div class=\"elementor-element elementor-element-85a8736 elementor-widget elementor-widget-text-editor\" data-id=\"85a8736\" data-element_type=\"widget\" data-widget_type=\"text-editor.default\">\n\t\t\t\t<div class=\"elementor-widget-container\">\n\t\t\t<style>\/*! elementor - v3.11.5 - 14-03-2023 *\/\n.elementor-widget-text-editor.elementor-drop-cap-view-stacked .elementor-drop-cap{background-color:#818a91;color:#fff}.elementor-widget-text-editor.elementor-drop-cap-view-framed .elementor-drop-cap{color:#818a91;border:3px solid;background-color:transparent}.elementor-widget-text-editor:not(.elementor-drop-cap-view-default) .elementor-drop-cap{margin-top:8px}.elementor-widget-text-editor:not(.elementor-drop-cap-view-default) .elementor-drop-cap-letter{width:1em;height:1em}.elementor-widget-text-editor .elementor-drop-cap{float:left;text-align:center;line-height:1;font-size:50px}.elementor-widget-text-editor .elementor-drop-cap-letter{display:inline-block}<\/style>\t\t\t\t<p class=\"p1\">El pasado 16 de febrero, finalizaron las obras de remodelaci\u00f3n del andador de la Calle Huesca. Esta obra ha sido realizada parte con subvenci\u00f3n de la Diputaci\u00f3n Provincial de Zaragoza, y parte con fondos del Ayuntamiento, adem\u00e1s de la colaboraci\u00f3n del Sindicato de Riegos de Ontinar de Salz y la Cooperativa Agraria San Isidro de Ontinar de Salz.<\/p><p class=\"p1\">Se ha realizado un andador, muy demandado, por los\/as vecinos\/as de Ontinar de Salz, ya que contaba con un seto que delimitaba la calle Huesca con la carretera Che1433; el mismo se encontraba muy deteriorado y hab\u00eda causado la rotura de la calzada. La actuaci\u00f3n ha consistido en eliminar el antiguo seto por uno nuevo, conservando los rosales existentes, adem\u00e1s, se ha asfaltado la calle Huesca en su totalidad, delimitando zonas de paso (pasos de peatones), se\u00f1alizando el paso de los peatones con se\u00f1ales luminosas y por \u00faltimo la instalaci\u00f3n de alumbrado p\u00fablico en el andador.<\/p>\t\t\t\t\t\t<\/div>\n\t\t\t\t<\/div>\n\t\t\t\t\t<\/div>\n\t\t<\/div>\n\t\t\t\t\t\t\t<\/div>\n\t\t<\/section>\n\t\t\t\t\t\t\t<\/div>\n\t\t","protected":false},"excerpt":{"rendered":"<p>El pasado 16 de febrero, finalizaron las obras de remodelaci\u00f3n del andador de la Calle Huesca. Esta obra ha sido realizada parte con subvenci\u00f3n de la Diputaci\u00f3n Provincial de Zaragoza, y parte con fondos del Ayuntamiento, adem\u00e1s de la colaboraci\u00f3n del Sindicato de Riegos de Ontinar de Salz y la Cooperativa Agraria San Isidro de [&hellip;]<\/p>\n","protected":false},"author":1,"featured_media":1759,"comment_status":"open","ping_status":"open","sticky":false,"template":"","format":"standard","meta":{"footnotes":""},"categories":[34],"tags":[],"class_list":["post-1839","post","type-post","status-publish","format-standard","has-post-thumbnail","hentry","category-urbanismo"],"acf":[],"yoast_head":"<!-- This site is optimized with the Yoast SEO plugin v20.3 - https:\/\/yoast.com\/wordpress\/plugins\/seo\/ -->\n<title>Apertura andador Calle Huesca - Ayuntamiento Ontinar de Salz<\/title>\n<meta name=\"robots\" content=\"index, follow, max-snippet:-1, max-image-preview:large, max-video-preview:-1\" \/>\n<link rel=\"canonical\" href=\"https:\/\/ontinardesalz.com\/index.php\/2023\/06\/07\/apertura-andador-calle-huesca\/\" \/>\n<meta property=\"og:locale\" content=\"es_ES\" \/>\n<meta property=\"og:type\" content=\"article\" \/>\n<meta property=\"og:title\" content=\"Apertura andador Calle Huesca - Ayuntamiento Ontinar de Salz\" \/>\n<meta property=\"og:description\" content=\"El pasado 16 de febrero, finalizaron las obras de remodelaci\u00f3n del andador de la Calle Huesca. Esta obra ha sido realizada parte con subvenci\u00f3n de la Diputaci\u00f3n Provincial de Zaragoza, y parte con fondos del Ayuntamiento, adem\u00e1s de la colaboraci\u00f3n del Sindicato de Riegos de Ontinar de Salz y la Cooperativa Agraria San Isidro de [&hellip;]\" \/>\n<meta property=\"og:url\" content=\"https:\/\/ontinardesalz.com\/index.php\/2023\/06\/07\/apertura-andador-calle-huesca\/\" \/>\n<meta property=\"og:site_name\" content=\"Ayuntamiento Ontinar de Salz\" \/>\n<meta property=\"article:publisher\" content=\"https:\/\/www.facebook.com\/Ayuntamiento-Ontinar-de-Salz-107654295995638\/\" \/>\n<meta property=\"article:published_time\" content=\"2023-06-07T08:34:04+00:00\" \/>\n<meta property=\"article:modified_time\" content=\"2023-07-03T08:43:39+00:00\" \/>\n<meta property=\"og:image\" content=\"https:\/\/ontinardesalz.com\/wp-content\/uploads\/2023\/06\/Imagen_Andador-Calle-Huesca-scaled.jpg\" \/>\n\t<meta property=\"og:image:width\" content=\"1920\" \/>\n\t<meta property=\"og:image:height\" content=\"2560\" \/>\n\t<meta property=\"og:image:type\" content=\"image\/jpeg\" \/>\n<meta name=\"author\" content=\"admin\" \/>\n<meta name=\"twitter:card\" content=\"summary_large_image\" \/>\n<meta name=\"twitter:label1\" content=\"Escrito por\" \/>\n\t<meta name=\"twitter:data1\" content=\"admin\" \/>\n\t<meta name=\"twitter:label2\" content=\"Tiempo de lectura\" \/>\n\t<meta name=\"twitter:data2\" content=\"1 minuto\" \/>\n<script type=\"application\/ld+json\" class=\"yoast-schema-graph\">{\"@context\":\"https:\/\/schema.org\",\"@graph\":[{\"@type\":\"Article\",\"@id\":\"https:\/\/ontinardesalz.com\/index.php\/2023\/06\/07\/apertura-andador-calle-huesca\/#article\",\"isPartOf\":{\"@id\":\"https:\/\/ontinardesalz.com\/index.php\/2023\/06\/07\/apertura-andador-calle-huesca\/\"},\"author\":{\"name\":\"admin\",\"@id\":\"https:\/\/ontinardesalz.com\/#\/schema\/person\/565c9df7dd89145643f86c652ff341c1\"},\"headline\":\"Apertura andador Calle Huesca\",\"datePublished\":\"2023-06-07T08:34:04+00:00\",\"dateModified\":\"2023-07-03T08:43:39+00:00\",\"mainEntityOfPage\":{\"@id\":\"https:\/\/ontinardesalz.com\/index.php\/2023\/06\/07\/apertura-andador-calle-huesca\/\"},\"wordCount\":171,\"commentCount\":0,\"publisher\":{\"@id\":\"https:\/\/ontinardesalz.com\/#organization\"},\"articleSection\":[\"Urbanismo\"],\"inLanguage\":\"es\",\"potentialAction\":[{\"@type\":\"CommentAction\",\"name\":\"Comment\",\"target\":[\"https:\/\/ontinardesalz.com\/index.php\/2023\/06\/07\/apertura-andador-calle-huesca\/#respond\"]}]},{\"@type\":\"WebPage\",\"@id\":\"https:\/\/ontinardesalz.com\/index.php\/2023\/06\/07\/apertura-andador-calle-huesca\/\",\"url\":\"https:\/\/ontinardesalz.com\/index.php\/2023\/06\/07\/apertura-andador-calle-huesca\/\",\"name\":\"Apertura andador Calle Huesca - Ayuntamiento Ontinar de Salz\",\"isPartOf\":{\"@id\":\"https:\/\/ontinardesalz.com\/#website\"},\"datePublished\":\"2023-06-07T08:34:04+00:00\",\"dateModified\":\"2023-07-03T08:43:39+00:00\",\"breadcrumb\":{\"@id\":\"https:\/\/ontinardesalz.com\/index.php\/2023\/06\/07\/apertura-andador-calle-huesca\/#breadcrumb\"},\"inLanguage\":\"es\",\"potentialAction\":[{\"@type\":\"ReadAction\",\"target\":[\"https:\/\/ontinardesalz.com\/index.php\/2023\/06\/07\/apertura-andador-calle-huesca\/\"]}]},{\"@type\":\"BreadcrumbList\",\"@id\":\"https:\/\/ontinardesalz.com\/index.php\/2023\/06\/07\/apertura-andador-calle-huesca\/#breadcrumb\",\"itemListElement\":[{\"@type\":\"ListItem\",\"position\":1,\"name\":\"Inicio\",\"item\":\"https:\/\/ontinardesalz.com\/\"},{\"@type\":\"ListItem\",\"position\":2,\"name\":\"Apertura andador Calle Huesca\"}]},{\"@type\":\"WebSite\",\"@id\":\"https:\/\/ontinardesalz.com\/#website\",\"url\":\"https:\/\/ontinardesalz.com\/\",\"name\":\"Ayuntamiento Ontinar de Salz\",\"description\":\"\",\"publisher\":{\"@id\":\"https:\/\/ontinardesalz.com\/#organization\"},\"potentialAction\":[{\"@type\":\"SearchAction\",\"target\":{\"@type\":\"EntryPoint\",\"urlTemplate\":\"https:\/\/ontinardesalz.com\/?s={search_term_string}\"},\"query-input\":\"required name=search_term_string\"}],\"inLanguage\":\"es\"},{\"@type\":\"Organization\",\"@id\":\"https:\/\/ontinardesalz.com\/#organization\",\"name\":\"Ayuntamiento Ontinar de Salz\",\"url\":\"https:\/\/ontinardesalz.com\/\",\"logo\":{\"@type\":\"ImageObject\",\"inLanguage\":\"es\",\"@id\":\"https:\/\/ontinardesalz.com\/#\/schema\/logo\/image\/\",\"url\":\"https:\/\/ontinardesalz.com\/wp-content\/uploads\/2023\/04\/cropped-Escudo_Ontinar_de_Salz-Fav.png\",\"contentUrl\":\"https:\/\/ontinardesalz.com\/wp-content\/uploads\/2023\/04\/cropped-Escudo_Ontinar_de_Salz-Fav.png\",\"width\":512,\"height\":512,\"caption\":\"Ayuntamiento Ontinar de Salz\"},\"image\":{\"@id\":\"https:\/\/ontinardesalz.com\/#\/schema\/logo\/image\/\"},\"sameAs\":[\"https:\/\/www.facebook.com\/Ayuntamiento-Ontinar-de-Salz-107654295995638\/\"]},{\"@type\":\"Person\",\"@id\":\"https:\/\/ontinardesalz.com\/#\/schema\/person\/565c9df7dd89145643f86c652ff341c1\",\"name\":\"admin\",\"image\":{\"@type\":\"ImageObject\",\"inLanguage\":\"es\",\"@id\":\"https:\/\/ontinardesalz.com\/#\/schema\/person\/image\/\",\"url\":\"https:\/\/secure.gravatar.com\/avatar\/ee4badceeecfe6cc4b5a936f4c301dd05a365b2ac513ca3b564063d53150460d?s=96&d=mm&r=g\",\"contentUrl\":\"https:\/\/secure.gravatar.com\/avatar\/ee4badceeecfe6cc4b5a936f4c301dd05a365b2ac513ca3b564063d53150460d?s=96&d=mm&r=g\",\"caption\":\"admin\"},\"sameAs\":[\"https:\/\/ontinardesalz.com\"],\"url\":\"https:\/\/ontinardesalz.com\/index.php\/author\/admin\/\"}]}<\/script>\n<!-- \/ Yoast SEO plugin. -->","yoast_head_json":{"title":"Apertura andador Calle Huesca - Ayuntamiento Ontinar de Salz","robots":{"index":"index","follow":"follow","max-snippet":"max-snippet:-1","max-image-preview":"max-image-preview:large","max-video-preview":"max-video-preview:-1"},"canonical":"https:\/\/ontinardesalz.com\/index.php\/2023\/06\/07\/apertura-andador-calle-huesca\/","og_locale":"es_ES","og_type":"article","og_title":"Apertura andador Calle Huesca - Ayuntamiento Ontinar de Salz","og_description":"El pasado 16 de febrero, finalizaron las obras de remodelaci\u00f3n del andador de la Calle Huesca. Esta obra ha sido realizada parte con subvenci\u00f3n de la Diputaci\u00f3n Provincial de Zaragoza, y parte con fondos del Ayuntamiento, adem\u00e1s de la colaboraci\u00f3n del Sindicato de Riegos de Ontinar de Salz y la Cooperativa Agraria San Isidro de [&hellip;]","og_url":"https:\/\/ontinardesalz.com\/index.php\/2023\/06\/07\/apertura-andador-calle-huesca\/","og_site_name":"Ayuntamiento Ontinar de Salz","article_publisher":"https:\/\/www.facebook.com\/Ayuntamiento-Ontinar-de-Salz-107654295995638\/","article_published_time":"2023-06-07T08:34:04+00:00","article_modified_time":"2023-07-03T08:43:39+00:00","og_image":[{"width":1920,"height":2560,"url":"https:\/\/ontinardesalz.com\/wp-content\/uploads\/2023\/06\/Imagen_Andador-Calle-Huesca-scaled.jpg","type":"image\/jpeg"}],"author":"admin","twitter_card":"summary_large_image","twitter_misc":{"Escrito por":"admin","Tiempo de lectura":"1 minuto"},"schema":{"@context":"https:\/\/schema.org","@graph":[{"@type":"Article","@id":"https:\/\/ontinardesalz.com\/index.php\/2023\/06\/07\/apertura-andador-calle-huesca\/#article","isPartOf":{"@id":"https:\/\/ontinardesalz.com\/index.php\/2023\/06\/07\/apertura-andador-calle-huesca\/"},"author":{"name":"admin","@id":"https:\/\/ontinardesalz.com\/#\/schema\/person\/565c9df7dd89145643f86c652ff341c1"},"headline":"Apertura andador Calle Huesca","datePublished":"2023-06-07T08:34:04+00:00","dateModified":"2023-07-03T08:43:39+00:00","mainEntityOfPage":{"@id":"https:\/\/ontinardesalz.com\/index.php\/2023\/06\/07\/apertura-andador-calle-huesca\/"},"wordCount":171,"commentCount":0,"publisher":{"@id":"https:\/\/ontinardesalz.com\/#organization"},"articleSection":["Urbanismo"],"inLanguage":"es","potentialAction":[{"@type":"CommentAction","name":"Comment","target":["https:\/\/ontinardesalz.com\/index.php\/2023\/06\/07\/apertura-andador-calle-huesca\/#respond"]}]},{"@type":"WebPage","@id":"https:\/\/ontinardesalz.com\/index.php\/2023\/06\/07\/apertura-andador-calle-huesca\/","url":"https:\/\/ontinardesalz.com\/index.php\/2023\/06\/07\/apertura-andador-calle-huesca\/","name":"Apertura andador Calle Huesca - Ayuntamiento Ontinar de Salz","isPartOf":{"@id":"https:\/\/ontinardesalz.com\/#website"},"datePublished":"2023-06-07T08:34:04+00:00","dateModified":"2023-07-03T08:43:39+00:00","breadcrumb":{"@id":"https:\/\/ontinardesalz.com\/index.php\/2023\/06\/07\/apertura-andador-calle-huesca\/#breadcrumb"},"inLanguage":"es","potentialAction":[{"@type":"ReadAction","target":["https:\/\/ontinardesalz.com\/index.php\/2023\/06\/07\/apertura-andador-calle-huesca\/"]}]},{"@type":"BreadcrumbList","@id":"https:\/\/ontinardesalz.com\/index.php\/2023\/06\/07\/apertura-andador-calle-huesca\/#breadcrumb","itemListElement":[{"@type":"ListItem","position":1,"name":"Inicio","item":"https:\/\/ontinardesalz.com\/"},{"@type":"ListItem","position":2,"name":"Apertura andador Calle Huesca"}]},{"@type":"WebSite","@id":"https:\/\/ontinardesalz.com\/#website","url":"https:\/\/ontinardesalz.com\/","name":"Ayuntamiento Ontinar de Salz","description":"","publisher":{"@id":"https:\/\/ontinardesalz.com\/#organization"},"potentialAction":[{"@type":"SearchAction","target":{"@type":"EntryPoint","urlTemplate":"https:\/\/ontinardesalz.com\/?s={search_term_string}"},"query-input":"required name=search_term_string"}],"inLanguage":"es"},{"@type":"Organization","@id":"https:\/\/ontinardesalz.com\/#organization","name":"Ayuntamiento Ontinar de Salz","url":"https:\/\/ontinardesalz.com\/","logo":{"@type":"ImageObject","inLanguage":"es","@id":"https:\/\/ontinardesalz.com\/#\/schema\/logo\/image\/","url":"https:\/\/ontinardesalz.com\/wp-content\/uploads\/2023\/04\/cropped-Escudo_Ontinar_de_Salz-Fav.png","contentUrl":"https:\/\/ontinardesalz.com\/wp-content\/uploads\/2023\/04\/cropped-Escudo_Ontinar_de_Salz-Fav.png","width":512,"height":512,"caption":"Ayuntamiento Ontinar de Salz"},"image":{"@id":"https:\/\/ontinardesalz.com\/#\/schema\/logo\/image\/"},"sameAs":["https:\/\/www.facebook.com\/Ayuntamiento-Ontinar-de-Salz-107654295995638\/"]},{"@type":"Person","@id":"https:\/\/ontinardesalz.com\/#\/schema\/person\/565c9df7dd89145643f86c652ff341c1","name":"admin","image":{"@type":"ImageObject","inLanguage":"es","@id":"https:\/\/ontinardesalz.com\/#\/schema\/person\/image\/","url":"https:\/\/secure.gravatar.com\/avatar\/ee4badceeecfe6cc4b5a936f4c301dd05a365b2ac513ca3b564063d53150460d?s=96&d=mm&r=g","contentUrl":"https:\/\/secure.gravatar.com\/avatar\/ee4badceeecfe6cc4b5a936f4c301dd05a365b2ac513ca3b564063d53150460d?s=96&d=mm&r=g","caption":"admin"},"sameAs":["https:\/\/ontinardesalz.com"],"url":"https:\/\/ontinardesalz.com\/index.php\/author\/admin\/"}]}},"_links":{"self":[{"href":"https:\/\/ontinardesalz.com\/index.php\/wp-json\/wp\/v2\/posts\/1839","targetHints":{"allow":["GET"]}}],"collection":[{"href":"https:\/\/ontinardesalz.com\/index.php\/wp-json\/wp\/v2\/posts"}],"about":[{"href":"https:\/\/ontinardesalz.com\/index.php\/wp-json\/wp\/v2\/types\/post"}],"author":[{"embeddable":true,"href":"https:\/\/ontinardesalz.com\/index.php\/wp-json\/wp\/v2\/users\/1"}],"replies":[{"embeddable":true,"href":"https:\/\/ontinardesalz.com\/index.php\/wp-json\/wp\/v2\/comments?post=1839"}],"version-history":[{"count":4,"href":"https:\/\/ontinardesalz.com\/index.php\/wp-json\/wp\/v2\/posts\/1839\/revisions"}],"predecessor-version":[{"id":1847,"href":"https:\/\/ontinardesalz.com\/index.php\/wp-json\/wp\/v2\/posts\/1839\/revisions\/1847"}],"wp:featuredmedia":[{"embeddable":true,"href":"https:\/\/ontinardesalz.com\/index.php\/wp-json\/wp\/v2\/media\/1759"}],"wp:attachment":[{"href":"https:\/\/ontinardesalz.com\/index.php\/wp-json\/wp\/v2\/media?parent=1839"}],"wp:term":[{"taxonomy":"category","embeddable":true,"href":"https:\/\/ontinardesalz.com\/index.php\/wp-json\/wp\/v2\/categories?post=1839"},{"taxonomy":"post_tag","embeddable":true,"href":"https:\/\/ontinardesalz.com\/index.php\/wp-json\/wp\/v2\/tags?post=1839"}],"curies":[{"name":"wp","href":"https:\/\/api.w.org\/{rel}","templated":true}]}}